{"id":294,"date":"2012-11-05T16:28:05","date_gmt":"2012-11-05T14:28:05","guid":{"rendered":"https:\/\/nettesbild.at\/?p=294"},"modified":"2012-11-06T18:07:35","modified_gmt":"2012-11-06T16:07:35","slug":"festliches-barockkonzert-pralatensaal-des-schottenstift-wien","status":"publish","type":"post","link":"https:\/\/nettesbild.at\/?p=294","title":{"rendered":"Festliches Barockkonzert &#8211; Pr\u00e4latensaal des Schottenstift Wien"},"content":{"rendered":"<p>Im klassischen Rahmen des Pr\u00e4latenstifts der Schotten in Wien konnte ich Profis der alten Musik fotografieren.<br \/>\nAvailable Light war nur sp\u00e4rlich vorhanden, dennoch sind einige stimmungsvolle Portr\u00e4its und Momentaufnahmen herausgekommen.<br \/>\nMitwirkende:<br \/>\nReinhard Czasch &#8211; Traversfl\u00f6te<br \/>\nMichael Posch &#8211; Blockfl\u00f6te<br \/>\nMarie Celine Labb\u00e9 &#8211; Traversfl\u00f6te<br \/>\nAndreas Helm &#8211; Barockoboe, Blockfl\u00f6te<br \/>\nUlli Engel &#8211; Barockvioline<br \/>\nErich Traxler &#8211; Cembalo<br \/>\nLuciano Contini &#8211; Laute<br \/>\nJ\u00f6rg Zwicker &#8211; Barockchello<\/p>\n<p>Programm: Bach, Telemann und Fasch<br \/>\n<div id='gallery-1' class='gallery galleryid-294 gallery-columns-2 gallery-size-thumbnail'><figure class='gallery-item'>\n\t\t\t<div class='gallery-icon portrait'>\n\t\t\t\t<a href='https:\/\/nettesbild.at\/?attachment_id=291'><img loading=\"lazy\" decoding=\"async\" width=\"150\" height=\"150\" src=\"https:\/\/nettesbild.at\/wp-content\/upLoads\/DSC_0638a-150x150.jpg\" class=\"attachment-thumbnail size-thumbnail\" alt=\"Festkonzert Schottenstift, Wien, Pr\u00e4latensaal im November 2012\" aria-describedby=\"gallery-1-291\" \/><\/a>\n\t\t\t<\/div>\n\t\t\t\t<figcaption class='wp-caption-text gallery-caption' id='gallery-1-291'>\n\t\t\t\tbeim Stimmen des Cembalo\n\t\t\t\t<\/figcaption><\/figure><figure class='gallery-item'>\n\t\t\t<div class='gallery-icon portrait'>\n\t\t\t\t<a href='https:\/\/nettesbild.at\/?attachment_id=292'><img loading=\"lazy\" decoding=\"async\" width=\"150\" height=\"150\" src=\"https:\/\/nettesbild.at\/wp-content\/upLoads\/DSC_0719a-150x150.jpg\" class=\"attachment-thumbnail size-thumbnail\" alt=\"Festkonzert Schottenstift, Wien, Pr\u00e4latensaal im November 2012\" aria-describedby=\"gallery-1-292\" \/><\/a>\n\t\t\t<\/div>\n\t\t\t\t<figcaption class='wp-caption-text gallery-caption' id='gallery-1-292'>\n\t\t\t\tLaute\n\t\t\t\t<\/figcaption><\/figure><figure class='gallery-item'>\n\t\t\t<div class='gallery-icon portrait'>\n\t\t\t\t<a href='https:\/\/nettesbild.at\/?attachment_id=293'><img loading=\"lazy\" decoding=\"async\" width=\"150\" height=\"150\" src=\"https:\/\/nettesbild.at\/wp-content\/upLoads\/DSC_0733a-150x150.jpg\" class=\"attachment-thumbnail size-thumbnail\" alt=\"Festkonzert Schottenstift, Wien, Pr\u00e4latensaal im November 2012\" aria-describedby=\"gallery-1-293\" \/><\/a>\n\t\t\t<\/div>\n\t\t\t\t<figcaption class='wp-caption-text gallery-caption' id='gallery-1-293'>\n\t\t\t\tBarockoboe\n\t\t\t\t<\/figcaption><\/figure><figure class='gallery-item'>\n\t\t\t<div class='gallery-icon portrait'>\n\t\t\t\t<a href='https:\/\/nettesbild.at\/?attachment_id=290'><img loading=\"lazy\" decoding=\"async\" width=\"150\" height=\"150\" src=\"https:\/\/nettesbild.at\/wp-content\/upLoads\/DSC_0838a-150x150.jpg\" class=\"attachment-thumbnail size-thumbnail\" alt=\"Festkonzert Schottenstift, Wien, Pr\u00e4latensaal im November 2012\" aria-describedby=\"gallery-1-290\" \/><\/a>\n\t\t\t<\/div>\n\t\t\t\t<figcaption class='wp-caption-text gallery-caption' id='gallery-1-290'>\n\t\t\t\tBarockcello\n\t\t\t\t<\/figcaption><\/figure><figure class='gallery-item'>\n\t\t\t<div class='gallery-icon portrait'>\n\t\t\t\t<a href='https:\/\/nettesbild.at\/?attachment_id=289'><img loading=\"lazy\" decoding=\"async\" width=\"150\" height=\"150\" src=\"https:\/\/nettesbild.at\/wp-content\/upLoads\/DSC_0835a-150x150.jpg\" class=\"attachment-thumbnail size-thumbnail\" alt=\"Festkonzert Schottenstift, Wien, Pr\u00e4latensaal im November 2012\" aria-describedby=\"gallery-1-289\" \/><\/a>\n\t\t\t<\/div>\n\t\t\t\t<figcaption class='wp-caption-text gallery-caption' id='gallery-1-289'>\n\t\t\t\tCembalo\n\t\t\t\t<\/figcaption><\/figure><figure class='gallery-item'>\n\t\t\t<div class='gallery-icon landscape'>\n\t\t\t\t<a href='https:\/\/nettesbild.at\/?attachment_id=287'><img loading=\"lazy\" decoding=\"async\" width=\"150\" height=\"150\" src=\"https:\/\/nettesbild.at\/wp-content\/upLoads\/DSC_0673a-150x150.jpg\" class=\"attachment-thumbnail size-thumbnail\" alt=\"Festkonzert Schottenstift, Wien, Pr\u00e4latensaal im November 2012\" aria-describedby=\"gallery-1-287\" \/><\/a>\n\t\t\t<\/div>\n\t\t\t\t<figcaption class='wp-caption-text gallery-caption' id='gallery-1-287'>\n\t\t\t\tMichael Posch und Andreas Helm &#8211; Blockfl\u00f6te\n\t\t\t\t<\/figcaption><\/figure>\n\t\t<\/div>\n<\/p>\n<p>alle Fotos dieser Website: (c) H.Arlt, www.nettesbild.at<\/p>\n","protected":false},"excerpt":{"rendered":"<p>Im klassischen Rahmen des Pr\u00e4latenstifts der Schotten in Wien konnte ich Profis der alten Musik fotografieren. Available Light war nur sp\u00e4rlich vorhanden, dennoch sind einige stimmungsvolle Portr\u00e4its und Momentaufnahmen herausgekommen. Mitwirkende: Reinhard Czasch &#8211; Traversfl\u00f6te Michael Posch &#8211; Blockfl\u00f6te Marie Celine Labb\u00e9 &#8211; Traversfl\u00f6te Andreas Helm &#8211; Barockoboe, Blockfl\u00f6te Ulli Engel &#8211; Barockvioline Erich Traxler [&hellip;]<\/p>\n","protected":false},"author":1,"featured_media":0,"comment_status":"closed","ping_status":"open","sticky":false,"template":"","format":"standard","meta":{"footnotes":""},"categories":[1],"tags":[30,12,11,18,31,32,5],"class_list":["post-294","post","type-post","status-publish","format-standard","hentry","category-allgemein","tag-barockmusik","tag-concert","tag-konzert","tag-portrait","tag-pralatensaal","tag-schottenstift","tag-wien"],"_links":{"self":[{"href":"https:\/\/nettesbild.at\/index.php?rest_route=\/wp\/v2\/posts\/294","targetHints":{"allow":["GET"]}}],"collection":[{"href":"https:\/\/nettesbild.at\/index.php?rest_route=\/wp\/v2\/posts"}],"about":[{"href":"https:\/\/nettesbild.at\/index.php?rest_route=\/wp\/v2\/types\/post"}],"author":[{"embeddable":true,"href":"https:\/\/nettesbild.at\/index.php?rest_route=\/wp\/v2\/users\/1"}],"replies":[{"embeddable":true,"href":"https:\/\/nettesbild.at\/index.php?rest_route=%2Fwp%2Fv2%2Fcomments&post=294"}],"version-history":[{"count":13,"href":"https:\/\/nettesbild.at\/index.php?rest_route=\/wp\/v2\/posts\/294\/revisions"}],"predecessor-version":[{"id":363,"href":"https:\/\/nettesbild.at\/index.php?rest_route=\/wp\/v2\/posts\/294\/revisions\/363"}],"wp:attachment":[{"href":"https:\/\/nettesbild.at\/index.php?rest_route=%2Fwp%2Fv2%2Fmedia&parent=294"}],"wp:term":[{"taxonomy":"category","embeddable":true,"href":"https:\/\/nettesbild.at\/index.php?rest_route=%2Fwp%2Fv2%2Fcategories&post=294"},{"taxonomy":"post_tag","embeddable":true,"href":"https:\/\/nettesbild.at\/index.php?rest_route=%2Fwp%2Fv2%2Ftags&post=294"}],"curies":[{"name":"wp","href":"https:\/\/api.w.org\/{rel}","templated":true}]}}